{"id":13265,"date":"2017-11-16T03:00:00","date_gmt":"2017-11-16T02:00:00","guid":{"rendered":"https:\/\/www.saporedicina.com\/es\/?p=13265"},"modified":"2022-03-07T09:58:45","modified_gmt":"2022-03-07T08:58:45","slug":"complementos-grado-chino","status":"publish","type":"post","link":"https:\/\/www.saporedicina.com\/es\/complementos-grado-chino\/","title":{"rendered":"Los complementos de grado en el chino"},"content":{"rendered":"<p><img decoding=\"async\" src=\"https:\/\/www.saporedicina.com\/es\/wp-content\/uploads\/2017\/11\/complementos-de-grado-en-chino.jpg\" title=\"Los complementos de grado en el chino\"  alt=\"Los complementos de grado en el chino\" width=\"700\" height=\"376\" class=\"aligncenter size-full wp-image-16099\" \/><\/p>\n<p>El complemento de grado, <a href=\"https:\/\/www.saporedicina.com\/es\/complementos-resultativos-chino\/\" rel=\"noopener noreferrer\" target=\"_blank\">que forma parte de los complementos verbales<\/a>, realiza dos funciones: en primer lugar, describe la forma en que una acci\u00f3n tiene lugar o tuvo lugar en el pasado. <\/p>\n<p>En este caso, <a href=\"https:\/\/www.saporedicina.com\/es\/complementos-direccionales-chino\/\" rel=\"noopener noreferrer\" target=\"_blank\">el complemento verbal<\/a> es, la mayor\u00eda de las veces, un adjetivo predicativo; el complemento de grado tambi\u00e9n especifica la intensidad de la acci\u00f3n o el estado expresado en la oraci\u00f3n, especificando las consecuencias producidas. <\/p>\n<p>Estas son las estructuras que se emplean para construir el complemento de grado:<br \/>\n<strong>Verbo de acci\u00f3n + \u5f97 (de) + Adjetivo predicativo<\/strong><br \/>\n<strong>Verbo \/ adjetivo predicativo + \u5f97 (de) + Consecuencia producida<\/strong> <\/p>\n<p>Veamos algunos ejemplos: <\/p>\n<p>\u5979\u8bf4\u5f97\u5feb\u3002<br \/>\nT\u0101 shu\u014d de ku\u00e0i.<br \/>\nElla habla r\u00e1pido.\t<strong><!--more--><\/strong><\/p>\n<p>\u6211\u7684\u8001\u5e08\u5f00\u5f97\u5f88\u6162\u3002<br \/>\nW\u01d2 de l\u01ceosh\u012b k\u0101i deh\u011bn m\u00e0n.<br \/>\nMi profesor conduce despacio.<\/p>\n<p>\u4f60\u7684\u8001\u5e08\u6559\u5f97\u600e\u4e48\u6837\uff1f<br \/>\nN\u01d0 de l\u01ceosh\u012b ji\u0101o de z\u011bnmey\u00e0ng?<br \/>\n\u00bfC\u00f3mo ense\u00f1a tu profesor?\t\t<\/p>\n<p>\u4ed6\u6559\u5f97\u4e0d\u597d\u3002<br \/>\nT\u0101 ji\u0101o de b\u00f9 h\u01ceo.<br \/>\n\u00c9l no ense\u00f1a bien.<\/p>\n<p>El segundo uso del complemento de grado refleja la expresi\u00f3n \u201ctan + adjetivo + que&#8230;\u201d<\/p>\n<p>Estos son algunos ejemplos: <\/p>\n<p>\u6c34\u6d41\u5f97\u6ca1\u6709\u4eba\u60f3\u8df3\u6c34\u3002<br \/>\nShu\u01d0li\u00fa de m\u00e9iy\u01d2u r\u00e9n xi\u01ceng ti\u00e0oshu\u01d0.<br \/>\nEl agua corre tan (fuerte) que nadie quiere sumergirse.<\/p>\n<p>\u4eca\u5929\u5929\u6c14\u70ed\u5f97\u5927\u5bb6\u90fd\u6ca1\u6709\u80c3\u53e3\u5403\u996d\u3002<br \/>\nJ\u012bnti\u0101n ti\u0101nq\u00ec r\u00e8 de d\u00e0ji\u0101 d\u014du m\u00e9iy\u01d2u w\u00e8ik\u01d2u ch\u012bf\u00e0n.<br \/>\nHoy hace tanto calor que nadie tiene ganas de comer.<\/p>\n<p>\u516c\u5171\u6c7d\u8f66\u6324\u5f97\u6ca1\u6cd5\u5b50\u547c\u5438\u3002<br \/>\nG\u014dngg\u00f2ng q\u00ecch\u0113 j\u01d0 de m\u00e9i f\u01cezi h\u016bx\u012b.<br \/>\nEl autob\u00fas va tan lleno que no puedo respirar.<\/p>\n<p>\u90a3\u4e2a\u5c0f\u5b69\u5b50\u9ad8\u5174\u5f97\u5927\u58f0\u7b11\u4e86\u3002<br \/>\nN\u00e0ge xi\u01ceoh\u00e1izi g\u0101ox\u00ecng de d\u00e0sh\u0113ng xi\u00e0o le.<br \/>\nEse ni\u00f1o estaba tan feliz que re\u00eda a carcajadas.<\/p>\n<p>Como la part\u00edcula \u5f97 introduce un complemento verbal, debe haber un verbo a su izquierda. Si el verbo necesita un objeto tras \u00e9l, habr\u00e1 que duplicarlo siguiendo esta estructura: <\/p>\n<p><strong>Verbo + Objeto + Verbo + \u5f97 (de) + Complemento de grado<\/strong><\/p>\n<p>Ejemplo: <\/p>\n<p>\u4ed6\u5f00\u6c7d\u8f66\u5f00\u5f97\u975e\u5e38\u597d\u3002<br \/>\nT\u0101 k\u0101i q\u00ecch\u0113 k\u0101i d\u00e9 f\u0113ich\u00e1ng h\u01ceo.<br \/>\n\u00c9l conduce muy bien.<\/p>\n<p>Sin embargo, hay muchos casos en los que se omite el primer verbo. Con este segundo supuesto, se crea una estructura de tema + comentario, por lo que utilizaremos esta otra f\u00f3rmula: <\/p>\n<p><strong>Objeto + Verbo + \u5f97 (de) + Complemento de grado<\/strong><\/p>\n<p>Ejemplo: <\/p>\n<p>\u6c7d\u8f66\u4ed6\u5f00\u5f97\u975e\u5e38\u597d\u3002<br \/>\nQ\u00ecch\u0113 t\u0101 k\u0101i d\u00e9 f\u0113ich\u00e1ng h\u01ceo.<br \/>\n\u00c9l conduce muy bien.<\/p>\n<p><strong> Ten en cuenta que las negaciones, las preguntas, las comparaciones y otras estructuras deben colocarse necesariamente tras la part\u00edcula \u5f97 (de). <\/strong> <\/p>\n<p>Estos son algunos ejemplos: <\/p>\n<p>\u6211\u7684\u5b66\u751f\u90fd\u8003\u5f97\u4e0d\u597d\u3002<br \/>\nW\u01d2 de xu\u00e9sheng d\u014du k\u01ceo de b\u00f9 h\u01ceo.<br \/>\nTodos mis alumnos han hecho mal el examen.<\/p>\n<p>\u4f60\u770b\u5f97\u6e05\u695a\u4e0d\u6e05\u695a\uff1f<br \/>\nN\u01d0 k\u00e0nde q\u012bngchu b\u00f9 q\u012bngchu?<br \/>\n\u00bfVes\/lees con claridad?\t\t<\/p>\n<p>\u4f60\u542c\u5f97\u6e05\u695a\u5417\uff1f<br \/>\nN\u01d0 t\u012bng de q\u012bngchu ma?<br \/>\n\u00bfOyes con claridad?<\/p>\n<p>\u4ed6\u6253\u7bee\u7403\u6253\u5f97\u6bd4\u6211\u597d\u3002<br \/>\nT\u0101 d\u01ce l\u00e1nqi\u00fa d\u01ce de b\u01d0 w\u01d2 h\u01ceo.<br \/>\nJuega al baloncesto mejor que yo.\t<\/p>\n<p>\u4ed6\u5403\u5f97\u6bd4\u6211\u597d\u591a\u4e86<br \/>\nT\u0101 ch\u012bde b\u01d0 w\u01d2 h\u01ceo du\u014d le.<br \/>\n\u00c9l ha comido mucho m\u00e1s que yo.<\/p>\n<p>Estas son algunas expresiones muy usadas:<\/p>\n<p>\u5fd9\u5f97\u8981\u547d (m\u00e1ng de y\u00e0om\u00ecng) \u201cocupad\u00edsimo\u201d<br \/>\n\u7d2f\u5f97\u8981\u6b7b (l\u00e8i de y\u00e0os\u01d0) \u201cmuerto de cansancio\u201d<br \/>\n\u597d\u5f97\u5f88 (h\u01ceo deh\u011bn) \u201cmuy bueno\u201d<br \/>\n\u6c14\u5f97\u4e0d\u5f97\u4e86 (q\u00ec de b\u00f9d\u00e9li\u01ceo) \u201cenfadad\u00edsimo\u201d<br \/>\n\u997f\u6b7b\u4e86 (\u00e8s\u01d0 le) \u201cmuerto de hambre\u201d<br \/>\n\u7d2f\u6b7b\u6211\u4e86 (l\u00e8is\u01d0 w\u01d2 le) \u201ccansad\u00edsimo\u201d<\/p>\n<p>Para terminar, veamos algunos intensificadores:<br \/>\n<strong>\u5f97\u591a (de du\u014d), \u591a\u4e86 (du\u014d le)  \u201cMucho m\u00e1s\u201d<\/strong><br \/>\n<strong>\u5f97\u5f88 (deh\u011bn), \u6781\u4e86 (j\u00ed le)  \u201cExtremadamente\u201d <\/strong><\/p>\n<p>Estos son algunos ejemplos: <\/p>\n<p>\u6211\u7684\u809a\u5b50\u6bd4\u4f60\u7684\u5927\u5f97\u591a\u3002<br \/>\nW\u01d2 de d\u00f9zi b\u01d0 n\u01d0 de d\u00e0 de du\u014d.<br \/>\nMi barriga es mucho m\u00e1s grande que la tuya.<\/p>\n<p>\u4ed6\u7684\u8eab\u4f53\u6bd4\u4ee5\u524d\u597d\u591a\u4e86\u3002<br \/>\nT\u0101 de sh\u0113nt\u01d0 b\u01d0 y\u01d0qi\u00e1n h\u01ceo du\u014d le.<br \/>\nSu salud es mucho mejor que antes.<\/p>\n<p>\u90a3\u53ea\u718a\u732b\u80d6\u5f97\u5f88\u3002<br \/>\nN\u00e0 zh\u012b xi\u00f3ngm\u0101o p\u00e0ng deh\u011bn.<br \/>\nAquel panda est\u00e1 gord\u00edsimo.<\/p>\n<p>\u6211\u7684\u5973\u670b\u53cb\u6f02\u4eae\u6781\u4e86\u3002<br \/>\nW\u01d2 de n\u01dap\u00e9ngyou pi\u00e0oliang j\u00edle.<br \/>\nMi novia es guap\u00edsima.<\/p>\n<p>En el lenguaje hablado, para indicar el m\u00e1ximo grado de algo, hay que a\u00f1adir \u4ec0\u4e48\u4f3c\u7684 (sh\u00e9nme sh\u00ecde) o \u8ddf\u4ec0\u4e48\u4f3c\u7684 (g\u0113n sh\u00e9nme sh\u00ecde) inmediatamente despu\u00e9s de \u5f97 (de).<\/p>\n<p>Por ejemplo, \u201cEstoy contentisimo\u201d se puede decir: \u6211\u9ad8\u5174\u5f97\u4ec0\u4e48\u4f3c\u7684 (w\u01d2 g\u0101ox\u00ecng de sh\u00e9nme sh\u00ecde); \u201cEstoy asustad\u00edsimo\u201d se dice: \u6211\u5413\u5f97\u4ec0\u4e48\u4f3c\u7684 (w\u01d2 xi\u00e0 de sh\u00e9nme sh\u00ecde), etc.<\/p>\n<p><span class=\"credits\">Photo Credits: Photo by <a href=\"https:\/\/pixabay.com\/photos\/china-chinese-character-books-2542630\/\" target=\"_blank\" rel=\"nofollow noopener noreferrer\">quillau<\/a> on <a href=\"https:\/\/pixabay.com\/service\/license\/\" target=\"_blank\" rel=\"nofollow noopener noreferrer\">Pixabay<\/a><\/span><\/p>\n","protected":false},"excerpt":{"rendered":"<p>El complemento de grado, que forma parte de los complementos verbales, realiza dos funciones: en primer lugar, describe la forma en que una acci\u00f3n tiene lugar o tuvo lugar en el pasado. <\/p>\n<p>En este caso, el complemento verbal es, la mayor\u00eda de las veces, un adjetivo predicativo; el complemento de grado tambi\u00e9n especifica la intensidad de la acci\u00f3n o el estado expresado en la oraci\u00f3n, especificando las consecuencias producidas. <\/p>\n","protected":false},"author":27,"featured_media":13331,"comment_status":"open","ping_status":"open","sticky":false,"template":"","format":"standard","meta":{"_uag_custom_page_level_css":"","site-sidebar-layout":"default","site-content-layout":"","ast-site-content-layout":"default","site-content-style":"default","site-sidebar-style":"default","ast-global-header-display":"","ast-banner-title-visibility":"","ast-main-header-display":"","ast-hfb-above-header-display":"","ast-hfb-below-header-display":"","ast-hfb-mobile-header-display":"","site-post-title":"","ast-breadcrumbs-content":"","ast-featured-img":"","footer-sml-layout":"","theme-transparent-header-meta":"","adv-header-id-meta":"","stick-header-meta":"","header-above-stick-meta":"","header-main-stick-meta":"","header-below-stick-meta":"","astra-migrate-meta-layouts":"default","ast-page-background-enabled":"default","ast-page-background-meta":{"desktop":{"background-color":"var(--ast-global-color-4)","background-image":"","background-repeat":"repeat","background-position":"center center","background-size":"auto","background-attachment":"scroll","background-type":"","background-media":"","overlay-type":"","overlay-color":"","overlay-opacity":"","overlay-gradient":""},"tablet":{"background-color":"","background-image":"","background-repeat":"repeat","background-position":"center center","background-size":"auto","background-attachment":"scroll","background-type":"","background-media":"","overlay-type":"","overlay-color":"","overlay-opacity":"","overlay-gradient":""},"mobile":{"background-color":"","background-image":"","background-repeat":"repeat","background-position":"center center","background-size":"auto","background-attachment":"scroll","background-type":"","background-media":"","overlay-type":"","overlay-color":"","overlay-opacity":"","overlay-gradient":""}},"ast-content-background-meta":{"desktop":{"background-color":"var(--ast-global-color-5)","background-image":"","background-repeat":"repeat","background-position":"center center","background-size":"auto","background-attachment":"scroll","background-type":"","background-media":"","overlay-type":"","overlay-color":"","overlay-opacity":"","overlay-gradient":""},"tablet":{"background-color":"var(--ast-global-color-5)","background-image":"","background-repeat":"repeat","background-position":"center center","background-size":"auto","background-attachment":"scroll","background-type":"","background-media":"","overlay-type":"","overlay-color":"","overlay-opacity":"","overlay-gradient":""},"mobile":{"background-color":"var(--ast-global-color-5)","background-image":"","background-repeat":"repeat","background-position":"center center","background-size":"auto","background-attachment":"scroll","background-type":"","background-media":"","overlay-type":"","overlay-color":"","overlay-opacity":"","overlay-gradient":""}},"footnotes":""},"categories":[2],"tags":[321,17],"class_list":["post-13265","post","type-post","status-publish","format-standard","has-post-thumbnail","hentry","category-aprender-chino","tag-learn-chinese-sidebar","tag-aprender-chino"],"yoast_head":"<!-- This site is optimized with the Yoast SEO plugin v27.5 - https:\/\/yoast.com\/product\/yoast-seo-wordpress\/ -->\n<title>Los complementos de grado en el chino<\/title>\n<meta name=\"description\" content=\"Lecci\u00f3n completa con todo lo necesario para usar los complementos de grado en chino: significado, como usarlos, ejemplos y mucho m\u00e1s\" \/>\n<meta name=\"robots\" content=\"index, follow, max-snippet:-1, max-image-preview:large, max-video-preview:-1\" \/>\n<link rel=\"canonical\" href=\"https:\/\/www.saporedicina.com\/es\/complementos-grado-chino\/\" \/>\n<meta property=\"og:locale\" content=\"es_ES\" \/>\n<meta property=\"og:type\" content=\"article\" \/>\n<meta property=\"og:title\" content=\"Los complementos de grado en el chino\" \/>\n<meta property=\"og:description\" content=\"Lecci\u00f3n completa con todo lo necesario para usar los complementos de grado en chino: significado, como usarlos, ejemplos y mucho m\u00e1s\" \/>\n<meta property=\"og:url\" content=\"https:\/\/www.saporedicina.com\/es\/complementos-grado-chino\/\" \/>\n<meta property=\"og:site_name\" content=\"Sapore di Cina\" \/>\n<meta property=\"article:publisher\" content=\"https:\/\/www.facebook.com\/saporedicinaespanol\" \/>\n<meta property=\"article:published_time\" content=\"2017-11-16T02:00:00+00:00\" \/>\n<meta property=\"article:modified_time\" content=\"2022-03-07T08:58:45+00:00\" \/>\n<meta property=\"og:image\" content=\"https:\/\/www.saporedicina.com\/es\/wp-content\/uploads\/2017\/11\/complementos-de-grado-en-chino.jpg\" \/>\n\t<meta property=\"og:image:width\" content=\"700\" \/>\n\t<meta property=\"og:image:height\" content=\"376\" \/>\n\t<meta property=\"og:image:type\" content=\"image\/jpeg\" \/>\n<meta name=\"author\" content=\"Armando Turturici\" \/>\n<meta name=\"twitter:card\" content=\"summary_large_image\" \/>\n<meta name=\"twitter:creator\" content=\"@sbortozhou\" \/>\n<meta name=\"twitter:site\" content=\"@sbortozhou\" \/>\n<meta name=\"twitter:label1\" content=\"Escrito por\" \/>\n\t<meta name=\"twitter:data1\" content=\"Armando Turturici\" \/>\n\t<meta name=\"twitter:label2\" content=\"Tiempo de lectura\" \/>\n\t<meta name=\"twitter:data2\" content=\"3 minutos\" \/>\n<script type=\"application\/ld+json\" class=\"yoast-schema-graph\">{\"@context\":\"https:\\\/\\\/schema.org\",\"@graph\":[{\"@type\":\"Article\",\"@id\":\"https:\\\/\\\/www.saporedicina.com\\\/es\\\/complementos-grado-chino\\\/#article\",\"isPartOf\":{\"@id\":\"https:\\\/\\\/www.saporedicina.com\\\/es\\\/complementos-grado-chino\\\/\"},\"author\":{\"name\":\"Armando Turturici\",\"@id\":\"https:\\\/\\\/www.saporedicina.com\\\/es\\\/#\\\/schema\\\/person\\\/14726237950ce414db0226da00f7278d\"},\"headline\":\"Los complementos de grado en el chino\",\"datePublished\":\"2017-11-16T02:00:00+00:00\",\"dateModified\":\"2022-03-07T08:58:45+00:00\",\"mainEntityOfPage\":{\"@id\":\"https:\\\/\\\/www.saporedicina.com\\\/es\\\/complementos-grado-chino\\\/\"},\"wordCount\":690,\"commentCount\":1,\"publisher\":{\"@id\":\"https:\\\/\\\/www.saporedicina.com\\\/es\\\/#organization\"},\"image\":{\"@id\":\"https:\\\/\\\/www.saporedicina.com\\\/es\\\/complementos-grado-chino\\\/#primaryimage\"},\"thumbnailUrl\":\"https:\\\/\\\/www.saporedicina.com\\\/es\\\/wp-content\\\/uploads\\\/2017\\\/11\\\/complementos-de-grado-en-chino.jpg\",\"keywords\":[\"_Learn chinese\",\"Aprender Chino\"],\"articleSection\":[\"Aprender Chino\"],\"inLanguage\":\"es\",\"potentialAction\":[{\"@type\":\"CommentAction\",\"name\":\"Comment\",\"target\":[\"https:\\\/\\\/www.saporedicina.com\\\/es\\\/complementos-grado-chino\\\/#respond\"]}]},{\"@type\":\"WebPage\",\"@id\":\"https:\\\/\\\/www.saporedicina.com\\\/es\\\/complementos-grado-chino\\\/\",\"url\":\"https:\\\/\\\/www.saporedicina.com\\\/es\\\/complementos-grado-chino\\\/\",\"name\":\"Los complementos de grado en el chino\",\"isPartOf\":{\"@id\":\"https:\\\/\\\/www.saporedicina.com\\\/es\\\/#website\"},\"primaryImageOfPage\":{\"@id\":\"https:\\\/\\\/www.saporedicina.com\\\/es\\\/complementos-grado-chino\\\/#primaryimage\"},\"image\":{\"@id\":\"https:\\\/\\\/www.saporedicina.com\\\/es\\\/complementos-grado-chino\\\/#primaryimage\"},\"thumbnailUrl\":\"https:\\\/\\\/www.saporedicina.com\\\/es\\\/wp-content\\\/uploads\\\/2017\\\/11\\\/complementos-de-grado-en-chino.jpg\",\"datePublished\":\"2017-11-16T02:00:00+00:00\",\"dateModified\":\"2022-03-07T08:58:45+00:00\",\"description\":\"Lecci\u00f3n completa con todo lo necesario para usar los complementos de grado en chino: significado, como usarlos, ejemplos y mucho m\u00e1s\",\"breadcrumb\":{\"@id\":\"https:\\\/\\\/www.saporedicina.com\\\/es\\\/complementos-grado-chino\\\/#breadcrumb\"},\"inLanguage\":\"es\",\"potentialAction\":[{\"@type\":\"ReadAction\",\"target\":[\"https:\\\/\\\/www.saporedicina.com\\\/es\\\/complementos-grado-chino\\\/\"]}]},{\"@type\":\"ImageObject\",\"inLanguage\":\"es\",\"@id\":\"https:\\\/\\\/www.saporedicina.com\\\/es\\\/complementos-grado-chino\\\/#primaryimage\",\"url\":\"https:\\\/\\\/www.saporedicina.com\\\/es\\\/wp-content\\\/uploads\\\/2017\\\/11\\\/complementos-de-grado-en-chino.jpg\",\"contentUrl\":\"https:\\\/\\\/www.saporedicina.com\\\/es\\\/wp-content\\\/uploads\\\/2017\\\/11\\\/complementos-de-grado-en-chino.jpg\",\"width\":700,\"height\":376},{\"@type\":\"BreadcrumbList\",\"@id\":\"https:\\\/\\\/www.saporedicina.com\\\/es\\\/complementos-grado-chino\\\/#breadcrumb\",\"itemListElement\":[{\"@type\":\"ListItem\",\"position\":1,\"name\":\"SDC\",\"item\":\"https:\\\/\\\/www.saporedicina.com\\\/es\\\/\"},{\"@type\":\"ListItem\",\"position\":2,\"name\":\"Los complementos de grado en el chino\"}]},{\"@type\":\"WebSite\",\"@id\":\"https:\\\/\\\/www.saporedicina.com\\\/es\\\/#website\",\"url\":\"https:\\\/\\\/www.saporedicina.com\\\/es\\\/\",\"name\":\"Sapore di Cina\",\"description\":\"Aprender Chino, Viajar, Estudiar o Trabajar en China y Asia\",\"publisher\":{\"@id\":\"https:\\\/\\\/www.saporedicina.com\\\/es\\\/#organization\"},\"alternateName\":\"SDC\",\"potentialAction\":[{\"@type\":\"SearchAction\",\"target\":{\"@type\":\"EntryPoint\",\"urlTemplate\":\"https:\\\/\\\/www.saporedicina.com\\\/es\\\/?s={search_term_string}\"},\"query-input\":{\"@type\":\"PropertyValueSpecification\",\"valueRequired\":true,\"valueName\":\"search_term_string\"}}],\"inLanguage\":\"es\"},{\"@type\":\"Organization\",\"@id\":\"https:\\\/\\\/www.saporedicina.com\\\/es\\\/#organization\",\"name\":\"Sapore di Cina\",\"url\":\"https:\\\/\\\/www.saporedicina.com\\\/es\\\/\",\"logo\":{\"@type\":\"ImageObject\",\"inLanguage\":\"es\",\"@id\":\"https:\\\/\\\/www.saporedicina.com\\\/es\\\/#\\\/schema\\\/logo\\\/image\\\/\",\"url\":\"https:\\\/\\\/www.saporedicina.com\\\/es\\\/wp-content\\\/uploads\\\/2019\\\/04\\\/logo.jpg\",\"contentUrl\":\"https:\\\/\\\/www.saporedicina.com\\\/es\\\/wp-content\\\/uploads\\\/2019\\\/04\\\/logo.jpg\",\"width\":800,\"height\":800,\"caption\":\"Sapore di Cina\"},\"image\":{\"@id\":\"https:\\\/\\\/www.saporedicina.com\\\/es\\\/#\\\/schema\\\/logo\\\/image\\\/\"},\"sameAs\":[\"https:\\\/\\\/www.facebook.com\\\/saporedicinaespanol\",\"https:\\\/\\\/x.com\\\/sbortozhou\",\"https:\\\/\\\/www.youtube.com\\\/channel\\\/UCl2ssfXqNmOeaY6l470UDlQ\\\/\"]},{\"@type\":\"Person\",\"@id\":\"https:\\\/\\\/www.saporedicina.com\\\/es\\\/#\\\/schema\\\/person\\\/14726237950ce414db0226da00f7278d\",\"name\":\"Armando Turturici\",\"image\":{\"@type\":\"ImageObject\",\"inLanguage\":\"es\",\"@id\":\"https:\\\/\\\/secure.gravatar.com\\\/avatar\\\/759d823301da256406b1a09222291ab6226c1e2cb8d69e23e21825dbb817055c?s=96&d=mm&r=g\",\"url\":\"https:\\\/\\\/secure.gravatar.com\\\/avatar\\\/759d823301da256406b1a09222291ab6226c1e2cb8d69e23e21825dbb817055c?s=96&d=mm&r=g\",\"contentUrl\":\"https:\\\/\\\/secure.gravatar.com\\\/avatar\\\/759d823301da256406b1a09222291ab6226c1e2cb8d69e23e21825dbb817055c?s=96&d=mm&r=g\",\"caption\":\"Armando Turturici\"},\"description\":\"Nacido en Italia en 1992, se licenci\u00f3 en chino y ingl\u00e9s en la Universit\u00e0 degli Studi di Enna Kore , en el 2014. Actualmente es profesor de lengua china en el instituto cient\u00edfico \\\"A. Volta\\\" de Caltanissetta, y continua sus estudios en la Universidad de Tur\u00edn, donde, junto con los chinos, estudia japon\u00e9s y chino cl\u00e1sico.\",\"sameAs\":[\"https:\\\/\\\/independent.academia.edu\\\/ArmandoTurturici\",\"https:\\\/\\\/www.linkedin.com\\\/in\\\/armando-alessandro-turturici-a4316ab7\\\/\",\"https:\\\/\\\/www.youtube.com\\\/channel\\\/UCnad7mZMifojVZp9LsRy4iQ\"],\"url\":\"https:\\\/\\\/www.saporedicina.com\\\/es\\\/author\\\/armando\\\/\"}]}<\/script>\n<!-- \/ Yoast SEO plugin. -->","yoast_head_json":{"title":"Los complementos de grado en el chino","description":"Lecci\u00f3n completa con todo lo necesario para usar los complementos de grado en chino: significado, como usarlos, ejemplos y mucho m\u00e1s","robots":{"index":"index","follow":"follow","max-snippet":"max-snippet:-1","max-image-preview":"max-image-preview:large","max-video-preview":"max-video-preview:-1"},"canonical":"https:\/\/www.saporedicina.com\/es\/complementos-grado-chino\/","og_locale":"es_ES","og_type":"article","og_title":"Los complementos de grado en el chino","og_description":"Lecci\u00f3n completa con todo lo necesario para usar los complementos de grado en chino: significado, como usarlos, ejemplos y mucho m\u00e1s","og_url":"https:\/\/www.saporedicina.com\/es\/complementos-grado-chino\/","og_site_name":"Sapore di Cina","article_publisher":"https:\/\/www.facebook.com\/saporedicinaespanol","article_published_time":"2017-11-16T02:00:00+00:00","article_modified_time":"2022-03-07T08:58:45+00:00","og_image":[{"width":700,"height":376,"url":"https:\/\/www.saporedicina.com\/es\/wp-content\/uploads\/2017\/11\/complementos-de-grado-en-chino.jpg","type":"image\/jpeg"}],"author":"Armando Turturici","twitter_card":"summary_large_image","twitter_creator":"@sbortozhou","twitter_site":"@sbortozhou","twitter_misc":{"Escrito por":"Armando Turturici","Tiempo de lectura":"3 minutos"},"schema":{"@context":"https:\/\/schema.org","@graph":[{"@type":"Article","@id":"https:\/\/www.saporedicina.com\/es\/complementos-grado-chino\/#article","isPartOf":{"@id":"https:\/\/www.saporedicina.com\/es\/complementos-grado-chino\/"},"author":{"name":"Armando Turturici","@id":"https:\/\/www.saporedicina.com\/es\/#\/schema\/person\/14726237950ce414db0226da00f7278d"},"headline":"Los complementos de grado en el chino","datePublished":"2017-11-16T02:00:00+00:00","dateModified":"2022-03-07T08:58:45+00:00","mainEntityOfPage":{"@id":"https:\/\/www.saporedicina.com\/es\/complementos-grado-chino\/"},"wordCount":690,"commentCount":1,"publisher":{"@id":"https:\/\/www.saporedicina.com\/es\/#organization"},"image":{"@id":"https:\/\/www.saporedicina.com\/es\/complementos-grado-chino\/#primaryimage"},"thumbnailUrl":"https:\/\/www.saporedicina.com\/es\/wp-content\/uploads\/2017\/11\/complementos-de-grado-en-chino.jpg","keywords":["_Learn chinese","Aprender Chino"],"articleSection":["Aprender Chino"],"inLanguage":"es","potentialAction":[{"@type":"CommentAction","name":"Comment","target":["https:\/\/www.saporedicina.com\/es\/complementos-grado-chino\/#respond"]}]},{"@type":"WebPage","@id":"https:\/\/www.saporedicina.com\/es\/complementos-grado-chino\/","url":"https:\/\/www.saporedicina.com\/es\/complementos-grado-chino\/","name":"Los complementos de grado en el chino","isPartOf":{"@id":"https:\/\/www.saporedicina.com\/es\/#website"},"primaryImageOfPage":{"@id":"https:\/\/www.saporedicina.com\/es\/complementos-grado-chino\/#primaryimage"},"image":{"@id":"https:\/\/www.saporedicina.com\/es\/complementos-grado-chino\/#primaryimage"},"thumbnailUrl":"https:\/\/www.saporedicina.com\/es\/wp-content\/uploads\/2017\/11\/complementos-de-grado-en-chino.jpg","datePublished":"2017-11-16T02:00:00+00:00","dateModified":"2022-03-07T08:58:45+00:00","description":"Lecci\u00f3n completa con todo lo necesario para usar los complementos de grado en chino: significado, como usarlos, ejemplos y mucho m\u00e1s","breadcrumb":{"@id":"https:\/\/www.saporedicina.com\/es\/complementos-grado-chino\/#breadcrumb"},"inLanguage":"es","potentialAction":[{"@type":"ReadAction","target":["https:\/\/www.saporedicina.com\/es\/complementos-grado-chino\/"]}]},{"@type":"ImageObject","inLanguage":"es","@id":"https:\/\/www.saporedicina.com\/es\/complementos-grado-chino\/#primaryimage","url":"https:\/\/www.saporedicina.com\/es\/wp-content\/uploads\/2017\/11\/complementos-de-grado-en-chino.jpg","contentUrl":"https:\/\/www.saporedicina.com\/es\/wp-content\/uploads\/2017\/11\/complementos-de-grado-en-chino.jpg","width":700,"height":376},{"@type":"BreadcrumbList","@id":"https:\/\/www.saporedicina.com\/es\/complementos-grado-chino\/#breadcrumb","itemListElement":[{"@type":"ListItem","position":1,"name":"SDC","item":"https:\/\/www.saporedicina.com\/es\/"},{"@type":"ListItem","position":2,"name":"Los complementos de grado en el chino"}]},{"@type":"WebSite","@id":"https:\/\/www.saporedicina.com\/es\/#website","url":"https:\/\/www.saporedicina.com\/es\/","name":"Sapore di Cina","description":"Aprender Chino, Viajar, Estudiar o Trabajar en China y Asia","publisher":{"@id":"https:\/\/www.saporedicina.com\/es\/#organization"},"alternateName":"SDC","potentialAction":[{"@type":"SearchAction","target":{"@type":"EntryPoint","urlTemplate":"https:\/\/www.saporedicina.com\/es\/?s={search_term_string}"},"query-input":{"@type":"PropertyValueSpecification","valueRequired":true,"valueName":"search_term_string"}}],"inLanguage":"es"},{"@type":"Organization","@id":"https:\/\/www.saporedicina.com\/es\/#organization","name":"Sapore di Cina","url":"https:\/\/www.saporedicina.com\/es\/","logo":{"@type":"ImageObject","inLanguage":"es","@id":"https:\/\/www.saporedicina.com\/es\/#\/schema\/logo\/image\/","url":"https:\/\/www.saporedicina.com\/es\/wp-content\/uploads\/2019\/04\/logo.jpg","contentUrl":"https:\/\/www.saporedicina.com\/es\/wp-content\/uploads\/2019\/04\/logo.jpg","width":800,"height":800,"caption":"Sapore di Cina"},"image":{"@id":"https:\/\/www.saporedicina.com\/es\/#\/schema\/logo\/image\/"},"sameAs":["https:\/\/www.facebook.com\/saporedicinaespanol","https:\/\/x.com\/sbortozhou","https:\/\/www.youtube.com\/channel\/UCl2ssfXqNmOeaY6l470UDlQ\/"]},{"@type":"Person","@id":"https:\/\/www.saporedicina.com\/es\/#\/schema\/person\/14726237950ce414db0226da00f7278d","name":"Armando Turturici","image":{"@type":"ImageObject","inLanguage":"es","@id":"https:\/\/secure.gravatar.com\/avatar\/759d823301da256406b1a09222291ab6226c1e2cb8d69e23e21825dbb817055c?s=96&d=mm&r=g","url":"https:\/\/secure.gravatar.com\/avatar\/759d823301da256406b1a09222291ab6226c1e2cb8d69e23e21825dbb817055c?s=96&d=mm&r=g","contentUrl":"https:\/\/secure.gravatar.com\/avatar\/759d823301da256406b1a09222291ab6226c1e2cb8d69e23e21825dbb817055c?s=96&d=mm&r=g","caption":"Armando Turturici"},"description":"Nacido en Italia en 1992, se licenci\u00f3 en chino y ingl\u00e9s en la Universit\u00e0 degli Studi di Enna Kore , en el 2014. Actualmente es profesor de lengua china en el instituto cient\u00edfico \"A. Volta\" de Caltanissetta, y continua sus estudios en la Universidad de Tur\u00edn, donde, junto con los chinos, estudia japon\u00e9s y chino cl\u00e1sico.","sameAs":["https:\/\/independent.academia.edu\/ArmandoTurturici","https:\/\/www.linkedin.com\/in\/armando-alessandro-turturici-a4316ab7\/","https:\/\/www.youtube.com\/channel\/UCnad7mZMifojVZp9LsRy4iQ"],"url":"https:\/\/www.saporedicina.com\/es\/author\/armando\/"}]}},"uagb_featured_image_src":{"full":["https:\/\/www.saporedicina.com\/es\/wp-content\/uploads\/2017\/11\/complementos-de-grado-en-chino.jpg",700,376,false],"thumbnail":["https:\/\/www.saporedicina.com\/es\/wp-content\/uploads\/2017\/11\/complementos-de-grado-en-chino-150x150.jpg",150,150,true],"medium":["https:\/\/www.saporedicina.com\/es\/wp-content\/uploads\/2017\/11\/complementos-de-grado-en-chino-300x161.jpg",300,161,true],"medium_large":["https:\/\/www.saporedicina.com\/es\/wp-content\/uploads\/2017\/11\/complementos-de-grado-en-chino.jpg",700,376,false],"large":["https:\/\/www.saporedicina.com\/es\/wp-content\/uploads\/2017\/11\/complementos-de-grado-en-chino.jpg",700,376,false],"1536x1536":["https:\/\/www.saporedicina.com\/es\/wp-content\/uploads\/2017\/11\/complementos-de-grado-en-chino.jpg",700,376,false],"2048x2048":["https:\/\/www.saporedicina.com\/es\/wp-content\/uploads\/2017\/11\/complementos-de-grado-en-chino.jpg",700,376,false]},"uagb_author_info":{"display_name":"Armando Turturici","author_link":"https:\/\/www.saporedicina.com\/es\/author\/armando\/"},"uagb_comment_info":1,"uagb_excerpt":"El complemento de grado, que forma parte de los complementos verbales, realiza dos funciones: en primer lugar, describe la forma en que una acci\u00f3n tiene lugar o tuvo lugar en el pasado. En este caso, el complemento verbal es, la mayor\u00eda de las veces, un adjetivo predicativo; el complemento de grado tambi\u00e9n especifica la intensidad&hellip;","_links":{"self":[{"href":"https:\/\/www.saporedicina.com\/es\/wp-json\/wp\/v2\/posts\/13265","targetHints":{"allow":["GET"]}}],"collection":[{"href":"https:\/\/www.saporedicina.com\/es\/wp-json\/wp\/v2\/posts"}],"about":[{"href":"https:\/\/www.saporedicina.com\/es\/wp-json\/wp\/v2\/types\/post"}],"author":[{"embeddable":true,"href":"https:\/\/www.saporedicina.com\/es\/wp-json\/wp\/v2\/users\/27"}],"replies":[{"embeddable":true,"href":"https:\/\/www.saporedicina.com\/es\/wp-json\/wp\/v2\/comments?post=13265"}],"version-history":[{"count":1,"href":"https:\/\/www.saporedicina.com\/es\/wp-json\/wp\/v2\/posts\/13265\/revisions"}],"predecessor-version":[{"id":24785,"href":"https:\/\/www.saporedicina.com\/es\/wp-json\/wp\/v2\/posts\/13265\/revisions\/24785"}],"wp:featuredmedia":[{"embeddable":true,"href":"https:\/\/www.saporedicina.com\/es\/wp-json\/wp\/v2\/media\/13331"}],"wp:attachment":[{"href":"https:\/\/www.saporedicina.com\/es\/wp-json\/wp\/v2\/media?parent=13265"}],"wp:term":[{"taxonomy":"category","embeddable":true,"href":"https:\/\/www.saporedicina.com\/es\/wp-json\/wp\/v2\/categories?post=13265"},{"taxonomy":"post_tag","embeddable":true,"href":"https:\/\/www.saporedicina.com\/es\/wp-json\/wp\/v2\/tags?post=13265"}],"curies":[{"name":"wp","href":"https:\/\/api.w.org\/{rel}","templated":true}]}}