{"id":11013,"date":"2016-12-27T02:00:36","date_gmt":"2016-12-27T01:00:36","guid":{"rendered":"https:\/\/www.saporedicina.com\/es\/?p=11013"},"modified":"2022-03-09T12:06:14","modified_gmt":"2022-03-09T11:06:14","slug":"entrevista-luis-matias","status":"publish","type":"post","link":"https:\/\/www.saporedicina.com\/es\/entrevista-luis-matias\/","title":{"rendered":"Entrevista a Luis, autor de la novela inspirada en la Ruta de la Seda: <em>Genghis, Marco y Col\u00f3n\u2026 y otros chicos del mont\u00f3n<\/em>"},"content":{"rendered":"<p><img decoding=\"async\" src=\"https:\/\/www.saporedicina.com\/es\/wp-content\/uploads\/2016\/12\/rutadelasedalibro.jpg\" alt=\"ruta de la seda libro\" width=\"700\" height=\"367\" class=\"aligncenter size-full wp-image-11015\" srcset=\"https:\/\/www.saporedicina.com\/es\/wp-content\/uploads\/2016\/12\/rutadelasedalibro.jpg 700w, https:\/\/www.saporedicina.com\/es\/wp-content\/uploads\/2016\/12\/rutadelasedalibro-300x157.jpg 300w\" sizes=\"(max-width: 700px) 100vw, 700px\" \/><\/p>\n<p>Hoy entrevistamos a Luis Mat\u00edas, natural de Cuenca e investigador polifac\u00e9tico. Actualmente trabaja en Barcelona como investigador para la empresa biotecnol\u00f3gica Sequentia Biotech. Sin embargo, la entrevista de hoy est\u00e1 centrada en su otra faceta como fot\u00f3grafo, viajero y tambi\u00e9n\u2026 escritor. <\/p>\n<p>Recientemente, ha publicado una novela llamada Genghis, Marco y Col\u00f3n\u2026 y otros chicos del mont\u00f3n, una novela inspirada en su experiencia de cinco meses recorriendo la Ruta de la Seda en un formato un tanto <em>alargado<\/em>, pero dejemos que nos lo cuente \u00e9l\u2026<\/p>\n<h2>Gestaci\u00f3n de un viaje<\/h2>\n<p><strong>Hola Luis muchas gracias por aceptar esta entrevista, \u00bfQu\u00e9 te lleva el 2014 a dejarlo todo y emprender un viaje de cinco meses a trav\u00e9s de la antigua Ruta de la Seda?<\/strong><\/p>\n<p>\u00bfQu\u00e9 me lleva a dejarlo todo?\u2026pues b\u00e1sicamente la inestabilidad de la ciencia, bueno y para ser totalmente honesto tambi\u00e9n el vicio a viajar adquirido \u201cgracias\u201d a dicha inestabilidad laboral.<\/p>\n<p>La carrera cient\u00edfica no te ofrece contratos muy duraderos ni estables (una media de 2-3 a\u00f1os), esa situaci\u00f3n que estresa a muchos a m\u00ed me encanta y la he aprovechado para tomarme \u00abmis semestres sab\u00e1ticos\u00bb y hacer viajes con toda la calma del mundo por varios continentes. Este es mi quinto \u00abgran viaje\u00bb de varios meses, y la verdad que estoy ya deseando que llegue el siguiente. <strong><!--more--><\/strong><\/p>\n<p>\u00bfY porque la Ruta de la Seda? Porque era uno de los viajes que desde jovenzuelo m\u00e1s tiempo me llevaba rondando por la cabeza y no se me iba de all\u00ed. Muchos viajes aparecen y desaparecen de tu cabeza en poco tiempo, pero hay los que se te quedan como incrustados en el cerebro, y por muchas neuronas que pierdas ellos siguen all\u00e1 record\u00e1ndote su presencia cada poco; pues en fin este era uno de ellos.<\/p>\n<p>Adem\u00e1s hace cosa de siete a\u00f1os tuve la oportunidad de hacer el <a href=\"https:\/\/www.saporedicina.com\/es\/transiberiano-guia\/\" target=\"_blank\" rel=\"noopener noreferrer\">trans-mongoliano (una de las tres versiones del transiberiano)<\/a> y al atravesar Mongolia (que por cierto un pa\u00eds que recomiendo visitar) me qued\u00e9 fascinado con la figura de, al menos para m\u00ed, el gran <em>Genghis Khan<\/em> (uno de los protagonistas del libro) y que tuvo un peso muy importante en la zona de la Ruta de la Seda.<\/p>\n<p><strong>\u00bfQu\u00e9 le dir\u00edas a la gente que est\u00e1 pensando: \u201c<em>Me encantar\u00eda hacer este viaje pero no dispongo ni del tiempo ni del dinero para hacerlo<\/em>\u201d?<\/strong><\/p>\n<p>Quiz\u00e1 voy a sonar un poco borde y demasiado directo en esta respuesta pero para m\u00ed lo de no tener tiempo ni dinero es una excusa mala. \u00abQuerer es poder\u00bb, y si uno tiene verdaderamente ganas de hacer algo en la vida (y no solo me refiero al \u00e1mbito de viajar), lo puede y deber\u00eda hacer. L\u00f3gicamente nunca llega (y nunca llegar\u00e1) el momento perfecto para hacer estos grandes viajes, y como suele pasar en la vida cuando tienes dinero no tienes tiempo, y al rev\u00e9s\u2026 cuando tienes tiempo no sueles tener ni un duro. <\/p>\n<p>Mi consejo es: crear el momento aunque tengas que sacrificar otras cosas (entre ellas las propias comodidades a las que cada vez estamos m\u00e1s mal-acostumbrados). Adem\u00e1s viajar si te lo montas bien, puede salir muy pero que muy barato. Yo he hecho viajes de 6 meses por tan solo 2.000 euros as\u00ed que mir\u00e1ndolo desde esta perspectiva puede ser incluso una fuente de ahorro en periodos en los que no sabes hacer con tu vida.<\/p>\n<p><strong>Organizar un viaje de estas caracter\u00edsticas no es sencillo, \u00bfplanificaste mucho el viaje o simplemente te lanzaste a lo desconocido? \u00bfQu\u00e9 utilizaste para informarte?<\/strong><\/p>\n<p>La verdad que en ese aspecto yo suelo soy bastante desastrillo as\u00ed que la organizaci\u00f3n del viaje fue m\u00ednima. De hecho en estos viajes siempre me escudo en mi excusa favorita: \u00abplanificar poco te permite realizar un viaje mucho m\u00e1s flexible par\u00e1ndote m\u00e1s tiempo en un sitio que te ha gustado mucho, o y\u00e9ndote a las primeras de cambio si el sitio no te gusta e incluso desvi\u00e1ndote muy mucho de la ruta original\u00bb. <\/p>\n<p>Este modo de viajar ofrece muchas ventajas (al menos para m\u00ed) pero no os voy a mentir porque tambi\u00e9n crea \u00abacontecimientos inesperados\u00bb que surgen de la nada y eso nos pas\u00f3 a m\u00ed y a Pipetto (mi gran compa\u00f1ero de este viaje). Fruto de esta no-organizaci\u00f3n salieron cosas curiosas y poco agradables como fueron: no poder entrar en Turkmenist\u00e1n por la coincidencia con una fiesta nacional, tener que hacerme ciudadano de Kazajist\u00e1n por la simple raz\u00f3n de quedarme sin paginas libres en el pasaporte o quedarnos sin dinero en Ir\u00e1n durante bastante tiempo debido a no informarnos con antelaci\u00f3n que los cajeros autom\u00e1ticos de all\u00e1 no funcionan para extranjeros.<\/p>\n<p>En mi defensa tengo que decir que estas desventuras forman parte del viaje y le dieron un poco de emoci\u00f3n a la ruta. <\/p>\n<p><img decoding=\"async\" src=\"https:\/\/www.saporedicina.com\/es\/wp-content\/uploads\/2016\/12\/rutadelaseda.jpg\" alt=\"ruta de la seda\" title=\"ruta de la seda\" width=\"700\" height=\"467\" class=\"aligncenter size-full wp-image-11063\" srcset=\"https:\/\/www.saporedicina.com\/es\/wp-content\/uploads\/2016\/12\/rutadelaseda.jpg 700w, https:\/\/www.saporedicina.com\/es\/wp-content\/uploads\/2016\/12\/rutadelaseda-300x200.jpg 300w\" sizes=\"(max-width: 700px) 100vw, 700px\" \/><\/p>\n<h2>La Ruta de la Seda<\/h2>\n<p><strong>Cuando hablamos de la ruta de la seda estamos hablando de varias rutas comerciales que fueron modificadas a lo largo de la historia, \u00bfqu\u00e9 recorrido hiciste y por qu\u00e9?<\/strong><\/p>\n<p>Hicimos la Ruta de la Seda cl\u00e1sica y principal (es decir la que parte desde Estambul y llega a <a href=\"https:\/\/www.saporedicina.com\/es\/viajar-a-xian\/\" target=\"_blank\" rel=\"noopener noreferrer\">Xi\u2019an en China<\/a>) pero la hicimos en versi\u00f3n alargada. Es decir no nos bast\u00f3 con hacernos esa gran ruta de miles de kil\u00f3metros sino que decidimos alargarla m\u00e1s atravesando <a href=\"https:\/\/www.saporedicina.com\/es\/viajar-a-tibet\/\" target=\"_blank\" rel=\"noopener noreferrer\">todo el Himalaya entre T\u00edbet y Nepal<\/a> en pleno diciembre (fr\u00edo extremo pero que sin duda mereci\u00f3 la pena por esos paisajes espectaculares, remotos y \u00fanicos) y terminando el viaje 3 semanas en <a href=\"https:\/\/www.saporedicina.com\/es\/guia-viaje-birmania-myanmar\/\" target=\"_blank\" rel=\"noopener noreferrer\">Myanmar (la vieja Birmania)<\/a>. <\/p>\n<p> Este \u00faltimo pa\u00eds no entra en ning\u00fan ramal ni principal ni no-principal de la Ruta de la Seda, pero la hicimos para <em>entrar en calor<\/em>\u2026 y es que despu\u00e9s de dos meses continuos donde la temperatura m\u00e1xima durante el d\u00eda fue siempre bajo cero, decidimos que nuestra epidermis se merec\u00eda un gran regalo con temperaturas de 35 grados (y nuestra mente con maravillosas playas).<\/p>\n<p><strong>En una <a href=\"https:\/\/www.saporedicina.com\/es\/de-italia-a-mongolia-en-un-fiat-panda\/\" target=\"_blank\" rel=\"noopener noreferrer\">entrevista anterior con un participante del Mongolrally<\/a> nos habl\u00f3 de que a veces cruzar ciertas fronteras puede ser complicado o incluso peligroso \u00bftuviste alguna experiencia desagradable?<\/strong><\/p>\n<p>Si eso fue lo m\u00e1s estresante a decid verdad, y sobre todo debido a nuestra ya mencionada <em>m\u00ednima organizaci\u00f3n<\/em>, y no solo me pasaron desastrillos como modificar la ruta original quedarme sin paginas libres en el pasaporte sino que tambi\u00e9n acabe en una comisaria pele\u00e1ndome con unos polic\u00edas entre la frontera de Kazajist\u00e1n y Kirguist\u00e1n por haber perdido un papelito cutre, enano, para mi insignificante, pero para ellos necesario para poder abandonar Kazajist\u00e1n. <\/p>\n<p>Otra fr\u00eda an\u00e9cdota fueron las much\u00edsimas horas que usamos para cruzar la frontera entre Kirguist\u00e1n y China en plena intemperie en un valle helado a m\u00e1s de 3.000 metros de altura sin ning\u00fan lugar donde cobijarse. Son experiencias incomodas pero para nada peligrosas, tan solo forman parte del viaje y que sin duda volver\u00eda a repetirlas tan solo por tener esa \u00abflexibilidad\u00bb que tanto me gustan en los viajes para conocer rincones rec\u00f3nditos que no salen en las gu\u00edas habituales y que ser\u00edan imposibles de localizar si se tuviera todos los visados organizados con fechas de antemano.<\/p>\n<p><strong>Uzbekist\u00e1n, Kazajist\u00e1n, Kirguist\u00e1n\u2026 mucha gente somos incapaces de recordar los nombres de las ex-rep\u00fablicas sovi\u00e9ticas. Imagino que son pa\u00edses bastante diferentes, \u00bfme podr\u00edas definir en pocas palabras el rasgo principal de alguno de estos pa\u00edses?<\/strong><\/p>\n<p>Te lo defino en s\u00f3lo una palabra: Impersonales. Pero en su defensa hay que decir que esa impersonalidad no es por culpa de sus ciudadanos sino debido tanto a la gran represi\u00f3n que sufrieron durante la era sovi\u00e9tica como al cambio de fronteras echa a prop\u00f3sito en plan <em>tetris<\/em> por Stalin. Si a eso le sumamos que desde la d\u00e9cada de los 90 (desde que estos pa\u00edses son \u201cindependientes\u201d de Rusia) los han gobernado unos personajes esperp\u00e9nticos y totalitarios (exceptuando a Kirguist\u00e1n), pues lo que quedan de estos pa\u00edses son monumentos bonitos rodeados de una cultura anodina y reprimida que nada tiene que ver con la que supongo se pod\u00eda encontrar anta\u00f1o\u2026<\/p>\n<p><img decoding=\"async\" src=\"https:\/\/www.saporedicina.com\/es\/wp-content\/uploads\/2016\/12\/rutadelaseda2.jpg\" alt=\"ruta de la seda\" title=\"ruta de la seda\" width=\"700\" height=\"467\" class=\"aligncenter size-full wp-image-11065\" srcset=\"https:\/\/www.saporedicina.com\/es\/wp-content\/uploads\/2016\/12\/rutadelaseda2.jpg 700w, https:\/\/www.saporedicina.com\/es\/wp-content\/uploads\/2016\/12\/rutadelaseda2-300x200.jpg 300w\" sizes=\"(max-width: 700px) 100vw, 700px\" \/><\/p>\n<p><strong>\u00bfDe todos los pa\u00edses que atravesaste cu\u00e1l te sorprendi\u00f3 m\u00e1s?<\/strong><\/p>\n<p>Sin duda lo que m\u00e1s me sorprendo fueron los dos extremos de esta Ruta de la Seda tanto el oriental como el occidental. La parte este de Turqu\u00eda junto con la maravillosa y \u00fanica Ir\u00e1n para mi han sido una grata sorpresa  y no solo por su cultura y gastronom\u00eda sino sobre todo por su gente.  <\/p>\n<p>Gente que lleva d\u00e9cadas viviendo en situaci\u00f3n muy complicada, en una zona geogr\u00e1fica que quiz\u00e1 est\u00e1 considerada, sino la m\u00e1s, como una de las m\u00e1s peligrosas del planeta en la frontera con Siria e Irak; pero aun as\u00ed la gente muestra una amabilidad y una cultura que es para envidiar la verdad.<\/p>\n<p><strong>Hay gente dice que la provincia china de Xinjiang y en especial la ciudad de Kashgar es uno de los pocos vestigios vivientes de la ruta de la seda. \u00bfEst\u00e1s de acuerdo con esta afirmaci\u00f3n? \u00bfA\u00f1adir\u00edas alg\u00fan lugar m\u00e1s?<\/strong><\/p>\n<p>Totalmente de acuerdo, de hecho la provincia aut\u00f3noma y musulmana de Xinjiang o Sinkiang y sobre todo la ciudad de Kashgar a\u00fan son capaces de transmitir la atm\u00f3sfera envolvente de lo que nos imaginamos (o al menos que yo ten\u00eda en mi cabeza) de lo que fue la Ruta de la Seda; una atm\u00f3sfera que no fuimos capaces de encontrarlo en otras ciudades quiz\u00e1 m\u00e1s bellas arquitect\u00f3nicamente como las m\u00edticas Samarcanda o Khiva en Uzbekist\u00e1n.<\/p>\n<p>Similarmente, y aunque mucho menos conocido a nivel internacional, a esta maravillosa gente (la etnia Uigur) les sucede lo mismo que en Ir\u00e1n o en la parte de Kurdist\u00e1n en Turqu\u00eda: una gran represi\u00f3n \u00e9tnica debido te\u00f3ricamente a su religi\u00f3n musulmana pero que en realidad es tan solo una excusa debido a que es una zona rica en gas y petr\u00f3leo. <\/p>\n<p>Esta zona geogr\u00e1ficamente est\u00e1 localizada en otro de los \u00abpuntos calientes\u00bb del planeta en la frontera de Pakist\u00e1n y cerca de Afganist\u00e1n. Tuve la oportunidad de llegar a la frontera de Pakist\u00e1n y hacer una de las rutas naturales m\u00e1s impresionantes y salvajes que he hecho en mi vida, la mal llamada <a href=\"https:\/\/www.saporedicina.com\/es\/karakorum-highway\/\" target=\"_blank\" rel=\"noopener noreferrer\">autopista del Karakorum<\/a>. Una carretera que m\u00e1s que una autopista es un camino de cabras pero en la que atraviesas parte de la cadena monta\u00f1osa del Karakorum atravesando lagos helados, maravillosos glaciares y pudiendo deleitar t\u00fa vista con picos de casi 8.000 metros. Seg\u00fan dicen este camino de cabras se convertir\u00e1 en una verdadera autopista en pocos a\u00f1os, pero aunque sea incomoda es digna de visitar en la actualidad.<\/p>\n<p><img decoding=\"async\" src=\"https:\/\/www.saporedicina.com\/es\/wp-content\/uploads\/2016\/12\/Novelarutadelaseda.jpg\" alt=\"novela ruta de la seda\" title=\"novela ruta de la seda\" width=\"700\" height=\"467\" class=\"aligncenter size-full wp-image-11064\" srcset=\"https:\/\/www.saporedicina.com\/es\/wp-content\/uploads\/2016\/12\/Novelarutadelaseda.jpg 700w, https:\/\/www.saporedicina.com\/es\/wp-content\/uploads\/2016\/12\/Novelarutadelaseda-300x200.jpg 300w\" sizes=\"(max-width: 700px) 100vw, 700px\" \/><\/p>\n<h2>El Libro<\/h2>\n<p><strong>Antes que nada nos podr\u00edas contar un poco de que trata tu novela\u2026<\/strong><\/p>\n<p>La idea de la novela ha sido contar la historia de la Ruta de la Seda en diferentes \u00e9pocas pero con un formato de novela de humor que adem\u00e1s incluye mucha divulgaci\u00f3n de historia. Recorrer la vida e historia de varios personajes con un pasado glorioso entre ellos nuestros protagonistas Marco Polo, Genghis Khan y Alejandro Magno, pero entrelazando sus vidas reencarnadas en un presente actual. De hecho, y aunque parezca muy de vagos aqu\u00ed hago un <em>copy-paste<\/em> de la sinopsis que aparece en la contraportada de la novela para que os hag\u00e1is una idea:<\/p>\n<p><em>Marco Polo harto de su vida sedentaria y poco fruct\u00edfera en Venecia decide dar un giro radical a su vida y se convierte por una mera casualidad en compa\u00f1ero de piso del m\u00edtico Genghis Khan en la Barcelona actual. Europa sigue inmersa en plena crisis econ\u00f3mica y sin unas perspectivas laborales muy prometedoras. Es por ello que ambos deciden que es el momento de emprender un largo viaje atravesando gran parte del continente asi\u00e1tico hacia los lugares que les llevaron a la posteridad muchos siglos atr\u00e1s, uno por conquistador y otro por comerciante\/cronista. Su objetivo; ver como esos pa\u00edses, sus culturas y religiones han cambiado y evolucionado a lo largo de esos \u00faltimos siglos. Un viaje complicado sobre todo debido al diferente, y a veces dif\u00edcil, car\u00e1cter de nuestros protagonistas. Por el camino se encontraran con otros personajes universales y otros que aun no siendo tan conocidos han aportado su grano de arena, bueno o malo, al desarrollo de la historia de esos pa\u00edses. Entre ellos destaca Alejandro Magno persona con la que rivalizaran casi desde el principio del viaje por la b\u00fasqueda de un objeto muy peculiar que les puede cambiar su porvenir actual y volver a conseguir dar la fama que obtuvieron tiempo atr\u00e1s.<\/em><\/p>\n<p>Adem\u00e1s para la publicaci\u00f3n de esta novela he tenido la suerte de contar con la colaboraci\u00f3n de David de la Fuente \u201cChingu\u201d que me ayud\u00f3 mucho para mejorar la calidad literaria de la novela.  Y para rematar la novela,  la portada y contraportada han sido <a href=\"http:\/\/jesusmateo.com\/\" target=\"_blank\" rel=\"noopener noreferrer\">dise\u00f1adas por Jes\u00fas Mateo<\/a>, un pintor de reconocido prestigio tanto nacional como internacional al que siempre estar\u00e9 agradecido por su gran ayuda.<\/p>\n<p><strong>\u00bfPor qu\u00e9 decides recurrir a personajes hist\u00f3ricos para contar una historia actual?<\/strong><\/p>\n<p>Creo que recurrir a la divulgaci\u00f3n hist\u00f3rica es una muy buena herramienta para llegar a todo tipo de p\u00fablicos. La novela est\u00e1 escrita de una manera desenfadada (y espero que amena) ya que uno de mis objetivos es llegar no tan solo a gente viajera sino tambi\u00e9n a un p\u00fablico joven que al leer la novela se le pueda despertar algo muy dentro  (llamado curiosidad) y querer aprender m\u00e1s sobre esos personajes o lugares tan importantes (y muchas veces desconocidos) para la historia universal.<\/p>\n<p>Esta divulgaci\u00f3n desenfadada he visto que puede deparar gratas sorpresas como me ha pasado en el \u00e1mbito de la divulgaci\u00f3n cient\u00edfica. Formo parte de Big Van un grupo de cient\u00edficos frikis que divulgamos ciencia en clave humor. Hemos publicado un par de libros de divulgaci\u00f3n cient\u00edfica (aprovecho para dar publicidad: <em><a href=\"http:\/\/www.esferalibros.com\/libro\/si-tu-me-dices-gen-lo-dejo-todo\/\" target=\"_blank\" rel=\"nofollow noopener noreferrer\">Si t\u00fa me dices gen lo dejo todo<\/a><\/em> y <em><a href=\"http:\/\/www.esferalibros.com\/libro\/si-venimos-del-mono-por-que-somos-tan-cerdos\/\" target=\"_blank\" rel=\"nofollow noopener noreferrer\">Si venimos del mono,  \u00bfpor qu\u00e9 somos tan cerdos?<\/a><\/em>) con muy buena acogida. Y qu\u00e9 mejor que seguir una receta similar pero modific\u00e1ndola para  el \u00e1mbito hist\u00f3rico.<\/p>\n<p>Seguro que alguien se estar\u00e1 preguntando qu\u00e9 pinta Colon en esta historia, si nada tiene que ver con la Ruta de la Seda pero aun as\u00ed aparece en el t\u00edtulo del libro. La respuesta\u2026 est\u00e1 en la novela, as\u00ed que no os va a quedar m\u00e1s remedio que leerla para satisfacer dicha curiosidad.<\/p>\n<p><strong>Finalmente, me imagino que ya est\u00e1s trabajando en un nuevo proyecto, \u00bfnos puedes contar qu\u00e9 es lo siguiente?<\/strong><\/p>\n<p>Trabajando, lo que se dice trabajar en una nueva novela todav\u00eda no\u2026 que ahora con la vuelta al mundo laboral y al ritmo ca\u00f3tico de vida uno no le queda tiempo para la inspiraci\u00f3n. Pero si tengo claro cu\u00e1l ser\u00e1 el pr\u00f3ximo proyecto literario: una novela hist\u00f3rica sobre el chamanismo y la magia negra en \u00c1frica. Para ello tengo en mente de aqu\u00ed a m\u00e1ximo 2 a\u00f1os cogerme otro de mis \u00absemestres sab\u00e1ticos\u00bb y venir desde Sud\u00e1frica a Espa\u00f1a atravesando todo el continente (o la parte que se deje) para as\u00ed conocer <em>in situ<\/em> esas culturas tan fascinantes.<\/p>\n<p><span class=\"credits\">Photo Credits: Photos by Luis Mat\u00edas<\/span><\/p>\n","protected":false},"excerpt":{"rendered":"<p>Hoy entrevistamos a Luis Mat\u00edas, natural de Cuenca e investigador polifac\u00e9tico. Actualmente trabaja en Barcelona como investigador para la empresa biotecnol\u00f3gica Sequentia Biotech. Sin embargo, la entrevista de hoy est\u00e1 centrada en su otra faceta como fot\u00f3grafo, viajero y tambi\u00e9n\u2026 escritor.<\/p>\n<p>Recientemente, ha publicado una novela llamada Genghis, Marco y Col\u00f3n\u2026 y otros chicos del mont\u00f3n, una novela inspirada en su experiencia de cinco meses recorriendo la Ruta de la Seda en un formato un tanto alargado, pero dejemos que nos lo cuente \u00e9l\u2026<\/p>\n","protected":false},"author":2,"featured_media":11015,"comment_status":"open","ping_status":"open","sticky":false,"template":"","format":"standard","meta":{"_uag_custom_page_level_css":"","site-sidebar-layout":"default","site-content-layout":"","ast-site-content-layout":"default","site-content-style":"default","site-sidebar-style":"default","ast-global-header-display":"","ast-banner-title-visibility":"","ast-main-header-display":"","ast-hfb-above-header-display":"","ast-hfb-below-header-display":"","ast-hfb-mobile-header-display":"","site-post-title":"","ast-breadcrumbs-content":"","ast-featured-img":"","footer-sml-layout":"","theme-transparent-header-meta":"","adv-header-id-meta":"","stick-header-meta":"","header-above-stick-meta":"","header-main-stick-meta":"","header-below-stick-meta":"","astra-migrate-meta-layouts":"default","ast-page-background-enabled":"default","ast-page-background-meta":{"desktop":{"background-color":"var(--ast-global-color-4)","background-image":"","background-repeat":"repeat","background-position":"center center","background-size":"auto","background-attachment":"scroll","background-type":"","background-media":"","overlay-type":"","overlay-color":"","overlay-opacity":"","overlay-gradient":""},"tablet":{"background-color":"","background-image":"","background-repeat":"repeat","background-position":"center center","background-size":"auto","background-attachment":"scroll","background-type":"","background-media":"","overlay-type":"","overlay-color":"","overlay-opacity":"","overlay-gradient":""},"mobile":{"background-color":"","background-image":"","background-repeat":"repeat","background-position":"center center","background-size":"auto","background-attachment":"scroll","background-type":"","background-media":"","overlay-type":"","overlay-color":"","overlay-opacity":"","overlay-gradient":""}},"ast-content-background-meta":{"desktop":{"background-color":"var(--ast-global-color-5)","background-image":"","background-repeat":"repeat","background-position":"center center","background-size":"auto","background-attachment":"scroll","background-type":"","background-media":"","overlay-type":"","overlay-color":"","overlay-opacity":"","overlay-gradient":""},"tablet":{"background-color":"var(--ast-global-color-5)","background-image":"","background-repeat":"repeat","background-position":"center center","background-size":"auto","background-attachment":"scroll","background-type":"","background-media":"","overlay-type":"","overlay-color":"","overlay-opacity":"","overlay-gradient":""},"mobile":{"background-color":"var(--ast-global-color-5)","background-image":"","background-repeat":"repeat","background-position":"center center","background-size":"auto","background-attachment":"scroll","background-type":"","background-media":"","overlay-type":"","overlay-color":"","overlay-opacity":"","overlay-gradient":""}},"footnotes":""},"categories":[15],"tags":[30,89],"class_list":["post-11013","post","type-post","status-publish","format-standard","has-post-thumbnail","hentry","category-viajar-china","tag-entrevista","tag-viajar-en-china"],"yoast_head":"<!-- This site is optimized with the Yoast SEO plugin v27.5 - https:\/\/yoast.com\/product\/yoast-seo-wordpress\/ -->\n<title>Entrevista al autor de Genghis, Marco y Col\u00f3n\u2026 y otros chicos del mont\u00f3n<\/title>\n<meta name=\"description\" content=\"Entrevista a Lu\u00eds Matias autor de la novela Genghis, Marco y Col\u00f3n\u2026 y otros chicos del mont\u00f3n, una novela inspirada en su viaje por la Ruta de la Seda\" \/>\n<meta name=\"robots\" content=\"index, follow, max-snippet:-1, max-image-preview:large, max-video-preview:-1\" \/>\n<link rel=\"canonical\" href=\"https:\/\/www.saporedicina.com\/es\/entrevista-luis-matias\/\" \/>\n<meta property=\"og:locale\" content=\"es_ES\" \/>\n<meta property=\"og:type\" content=\"article\" \/>\n<meta property=\"og:title\" content=\"Entrevista al autor de Genghis, Marco y Col\u00f3n\u2026 y otros chicos del mont\u00f3n\" \/>\n<meta property=\"og:description\" content=\"Entrevista a Lu\u00eds Matias autor de la novela Genghis, Marco y Col\u00f3n\u2026 y otros chicos del mont\u00f3n, una novela inspirada en su viaje por la Ruta de la Seda\" \/>\n<meta property=\"og:url\" content=\"https:\/\/www.saporedicina.com\/es\/entrevista-luis-matias\/\" \/>\n<meta property=\"og:site_name\" content=\"Sapore di Cina\" \/>\n<meta property=\"article:publisher\" content=\"https:\/\/www.facebook.com\/saporedicinaespanol\" \/>\n<meta property=\"article:author\" content=\"https:\/\/www.facebook.com\/SaporeDiCinaEspanol\/\" \/>\n<meta property=\"article:published_time\" content=\"2016-12-27T01:00:36+00:00\" \/>\n<meta property=\"article:modified_time\" content=\"2022-03-09T11:06:14+00:00\" \/>\n<meta property=\"og:image\" content=\"https:\/\/www.saporedicina.com\/es\/wp-content\/uploads\/2016\/12\/rutadelasedalibro.jpg\" \/>\n\t<meta property=\"og:image:width\" content=\"700\" \/>\n\t<meta property=\"og:image:height\" content=\"367\" \/>\n\t<meta property=\"og:image:type\" content=\"image\/jpeg\" \/>\n<meta name=\"author\" content=\"Sapore di Cina\" \/>\n<meta name=\"twitter:card\" content=\"summary_large_image\" \/>\n<meta name=\"twitter:creator\" content=\"@SbortoZhou\" \/>\n<meta name=\"twitter:site\" content=\"@sbortozhou\" \/>\n<meta name=\"twitter:label1\" content=\"Escrito por\" \/>\n\t<meta name=\"twitter:data1\" content=\"Sapore di Cina\" \/>\n\t<meta name=\"twitter:label2\" content=\"Tiempo de lectura\" \/>\n\t<meta name=\"twitter:data2\" content=\"13 minutos\" \/>\n<script type=\"application\/ld+json\" class=\"yoast-schema-graph\">{\"@context\":\"https:\\\/\\\/schema.org\",\"@graph\":[{\"@type\":\"Article\",\"@id\":\"https:\\\/\\\/www.saporedicina.com\\\/es\\\/entrevista-luis-matias\\\/#article\",\"isPartOf\":{\"@id\":\"https:\\\/\\\/www.saporedicina.com\\\/es\\\/entrevista-luis-matias\\\/\"},\"author\":{\"name\":\"Sapore di Cina\",\"@id\":\"https:\\\/\\\/www.saporedicina.com\\\/es\\\/#\\\/schema\\\/person\\\/45e32f0753ff39fdff0a09c9cc5d8025\"},\"headline\":\"Entrevista a Luis, autor de la novela inspirada en la Ruta de la Seda: Genghis, Marco y Col\u00f3n\u2026 y otros chicos del mont\u00f3n\",\"datePublished\":\"2016-12-27T01:00:36+00:00\",\"dateModified\":\"2022-03-09T11:06:14+00:00\",\"mainEntityOfPage\":{\"@id\":\"https:\\\/\\\/www.saporedicina.com\\\/es\\\/entrevista-luis-matias\\\/\"},\"wordCount\":2677,\"commentCount\":3,\"publisher\":{\"@id\":\"https:\\\/\\\/www.saporedicina.com\\\/es\\\/#organization\"},\"image\":{\"@id\":\"https:\\\/\\\/www.saporedicina.com\\\/es\\\/entrevista-luis-matias\\\/#primaryimage\"},\"thumbnailUrl\":\"https:\\\/\\\/www.saporedicina.com\\\/es\\\/wp-content\\\/uploads\\\/2016\\\/12\\\/rutadelasedalibro.jpg\",\"keywords\":[\"Entrevistas\",\"Viajar en China\"],\"articleSection\":[\"Viajar en China\"],\"inLanguage\":\"es\",\"potentialAction\":[{\"@type\":\"CommentAction\",\"name\":\"Comment\",\"target\":[\"https:\\\/\\\/www.saporedicina.com\\\/es\\\/entrevista-luis-matias\\\/#respond\"]}]},{\"@type\":\"WebPage\",\"@id\":\"https:\\\/\\\/www.saporedicina.com\\\/es\\\/entrevista-luis-matias\\\/\",\"url\":\"https:\\\/\\\/www.saporedicina.com\\\/es\\\/entrevista-luis-matias\\\/\",\"name\":\"Entrevista al autor de Genghis, Marco y Col\u00f3n\u2026 y otros chicos del mont\u00f3n\",\"isPartOf\":{\"@id\":\"https:\\\/\\\/www.saporedicina.com\\\/es\\\/#website\"},\"primaryImageOfPage\":{\"@id\":\"https:\\\/\\\/www.saporedicina.com\\\/es\\\/entrevista-luis-matias\\\/#primaryimage\"},\"image\":{\"@id\":\"https:\\\/\\\/www.saporedicina.com\\\/es\\\/entrevista-luis-matias\\\/#primaryimage\"},\"thumbnailUrl\":\"https:\\\/\\\/www.saporedicina.com\\\/es\\\/wp-content\\\/uploads\\\/2016\\\/12\\\/rutadelasedalibro.jpg\",\"datePublished\":\"2016-12-27T01:00:36+00:00\",\"dateModified\":\"2022-03-09T11:06:14+00:00\",\"description\":\"Entrevista a Lu\u00eds Matias autor de la novela Genghis, Marco y Col\u00f3n\u2026 y otros chicos del mont\u00f3n, una novela inspirada en su viaje por la Ruta de la Seda\",\"breadcrumb\":{\"@id\":\"https:\\\/\\\/www.saporedicina.com\\\/es\\\/entrevista-luis-matias\\\/#breadcrumb\"},\"inLanguage\":\"es\",\"potentialAction\":[{\"@type\":\"ReadAction\",\"target\":[\"https:\\\/\\\/www.saporedicina.com\\\/es\\\/entrevista-luis-matias\\\/\"]}]},{\"@type\":\"ImageObject\",\"inLanguage\":\"es\",\"@id\":\"https:\\\/\\\/www.saporedicina.com\\\/es\\\/entrevista-luis-matias\\\/#primaryimage\",\"url\":\"https:\\\/\\\/www.saporedicina.com\\\/es\\\/wp-content\\\/uploads\\\/2016\\\/12\\\/rutadelasedalibro.jpg\",\"contentUrl\":\"https:\\\/\\\/www.saporedicina.com\\\/es\\\/wp-content\\\/uploads\\\/2016\\\/12\\\/rutadelasedalibro.jpg\",\"width\":700,\"height\":367},{\"@type\":\"BreadcrumbList\",\"@id\":\"https:\\\/\\\/www.saporedicina.com\\\/es\\\/entrevista-luis-matias\\\/#breadcrumb\",\"itemListElement\":[{\"@type\":\"ListItem\",\"position\":1,\"name\":\"SDC\",\"item\":\"https:\\\/\\\/www.saporedicina.com\\\/es\\\/\"},{\"@type\":\"ListItem\",\"position\":2,\"name\":\"Entrevista a Luis, autor de la novela inspirada en la Ruta de la Seda: Genghis, Marco y Col\u00f3n\u2026 y otros chicos del mont\u00f3n\"}]},{\"@type\":\"WebSite\",\"@id\":\"https:\\\/\\\/www.saporedicina.com\\\/es\\\/#website\",\"url\":\"https:\\\/\\\/www.saporedicina.com\\\/es\\\/\",\"name\":\"Sapore di Cina\",\"description\":\"Aprender Chino, Viajar, Estudiar o Trabajar en China y Asia\",\"publisher\":{\"@id\":\"https:\\\/\\\/www.saporedicina.com\\\/es\\\/#organization\"},\"alternateName\":\"SDC\",\"potentialAction\":[{\"@type\":\"SearchAction\",\"target\":{\"@type\":\"EntryPoint\",\"urlTemplate\":\"https:\\\/\\\/www.saporedicina.com\\\/es\\\/?s={search_term_string}\"},\"query-input\":{\"@type\":\"PropertyValueSpecification\",\"valueRequired\":true,\"valueName\":\"search_term_string\"}}],\"inLanguage\":\"es\"},{\"@type\":\"Organization\",\"@id\":\"https:\\\/\\\/www.saporedicina.com\\\/es\\\/#organization\",\"name\":\"Sapore di Cina\",\"url\":\"https:\\\/\\\/www.saporedicina.com\\\/es\\\/\",\"logo\":{\"@type\":\"ImageObject\",\"inLanguage\":\"es\",\"@id\":\"https:\\\/\\\/www.saporedicina.com\\\/es\\\/#\\\/schema\\\/logo\\\/image\\\/\",\"url\":\"https:\\\/\\\/www.saporedicina.com\\\/es\\\/wp-content\\\/uploads\\\/2019\\\/04\\\/logo.jpg\",\"contentUrl\":\"https:\\\/\\\/www.saporedicina.com\\\/es\\\/wp-content\\\/uploads\\\/2019\\\/04\\\/logo.jpg\",\"width\":800,\"height\":800,\"caption\":\"Sapore di Cina\"},\"image\":{\"@id\":\"https:\\\/\\\/www.saporedicina.com\\\/es\\\/#\\\/schema\\\/logo\\\/image\\\/\"},\"sameAs\":[\"https:\\\/\\\/www.facebook.com\\\/saporedicinaespanol\",\"https:\\\/\\\/x.com\\\/sbortozhou\",\"https:\\\/\\\/www.youtube.com\\\/channel\\\/UCl2ssfXqNmOeaY6l470UDlQ\\\/\"]},{\"@type\":\"Person\",\"@id\":\"https:\\\/\\\/www.saporedicina.com\\\/es\\\/#\\\/schema\\\/person\\\/45e32f0753ff39fdff0a09c9cc5d8025\",\"name\":\"Sapore di Cina\",\"image\":{\"@type\":\"ImageObject\",\"inLanguage\":\"es\",\"@id\":\"https:\\\/\\\/secure.gravatar.com\\\/avatar\\\/7ca26314d288417a1aec0ab0d68aabfac9f87f67b21e5b472e3ef645cd8f4803?s=96&d=mm&r=g\",\"url\":\"https:\\\/\\\/secure.gravatar.com\\\/avatar\\\/7ca26314d288417a1aec0ab0d68aabfac9f87f67b21e5b472e3ef645cd8f4803?s=96&d=mm&r=g\",\"contentUrl\":\"https:\\\/\\\/secure.gravatar.com\\\/avatar\\\/7ca26314d288417a1aec0ab0d68aabfac9f87f67b21e5b472e3ef645cd8f4803?s=96&d=mm&r=g\",\"caption\":\"Sapore di Cina\"},\"description\":\"Sapore di Cina es un sitio web que proporciona informaci\u00f3n de primera mano sobre vivir y viajar en China y el sudeste asi\u00e1tico. Puede leer la p\u00e1gina sobre nosotros para obtener m\u00e1s informaci\u00f3n.\",\"sameAs\":[\"https:\\\/\\\/www.saporedicina.com\\\/es\\\/\",\"https:\\\/\\\/www.facebook.com\\\/SaporeDiCinaEspanol\\\/\",\"https:\\\/\\\/www.linkedin.com\\\/company\\\/saporedicina\",\"https:\\\/\\\/x.com\\\/SbortoZhou\",\"https:\\\/\\\/www.youtube.com\\\/channel\\\/UCl2ssfXqNmOeaY6l470UDlQ\"],\"url\":\"https:\\\/\\\/www.saporedicina.com\\\/es\\\/author\\\/sborto\\\/\"}]}<\/script>\n<!-- \/ Yoast SEO plugin. -->","yoast_head_json":{"title":"Entrevista al autor de Genghis, Marco y Col\u00f3n\u2026 y otros chicos del mont\u00f3n","description":"Entrevista a Lu\u00eds Matias autor de la novela Genghis, Marco y Col\u00f3n\u2026 y otros chicos del mont\u00f3n, una novela inspirada en su viaje por la Ruta de la Seda","robots":{"index":"index","follow":"follow","max-snippet":"max-snippet:-1","max-image-preview":"max-image-preview:large","max-video-preview":"max-video-preview:-1"},"canonical":"https:\/\/www.saporedicina.com\/es\/entrevista-luis-matias\/","og_locale":"es_ES","og_type":"article","og_title":"Entrevista al autor de Genghis, Marco y Col\u00f3n\u2026 y otros chicos del mont\u00f3n","og_description":"Entrevista a Lu\u00eds Matias autor de la novela Genghis, Marco y Col\u00f3n\u2026 y otros chicos del mont\u00f3n, una novela inspirada en su viaje por la Ruta de la Seda","og_url":"https:\/\/www.saporedicina.com\/es\/entrevista-luis-matias\/","og_site_name":"Sapore di Cina","article_publisher":"https:\/\/www.facebook.com\/saporedicinaespanol","article_author":"https:\/\/www.facebook.com\/SaporeDiCinaEspanol\/","article_published_time":"2016-12-27T01:00:36+00:00","article_modified_time":"2022-03-09T11:06:14+00:00","og_image":[{"width":700,"height":367,"url":"https:\/\/www.saporedicina.com\/es\/wp-content\/uploads\/2016\/12\/rutadelasedalibro.jpg","type":"image\/jpeg"}],"author":"Sapore di Cina","twitter_card":"summary_large_image","twitter_creator":"@SbortoZhou","twitter_site":"@sbortozhou","twitter_misc":{"Escrito por":"Sapore di Cina","Tiempo de lectura":"13 minutos"},"schema":{"@context":"https:\/\/schema.org","@graph":[{"@type":"Article","@id":"https:\/\/www.saporedicina.com\/es\/entrevista-luis-matias\/#article","isPartOf":{"@id":"https:\/\/www.saporedicina.com\/es\/entrevista-luis-matias\/"},"author":{"name":"Sapore di Cina","@id":"https:\/\/www.saporedicina.com\/es\/#\/schema\/person\/45e32f0753ff39fdff0a09c9cc5d8025"},"headline":"Entrevista a Luis, autor de la novela inspirada en la Ruta de la Seda: Genghis, Marco y Col\u00f3n\u2026 y otros chicos del mont\u00f3n","datePublished":"2016-12-27T01:00:36+00:00","dateModified":"2022-03-09T11:06:14+00:00","mainEntityOfPage":{"@id":"https:\/\/www.saporedicina.com\/es\/entrevista-luis-matias\/"},"wordCount":2677,"commentCount":3,"publisher":{"@id":"https:\/\/www.saporedicina.com\/es\/#organization"},"image":{"@id":"https:\/\/www.saporedicina.com\/es\/entrevista-luis-matias\/#primaryimage"},"thumbnailUrl":"https:\/\/www.saporedicina.com\/es\/wp-content\/uploads\/2016\/12\/rutadelasedalibro.jpg","keywords":["Entrevistas","Viajar en China"],"articleSection":["Viajar en China"],"inLanguage":"es","potentialAction":[{"@type":"CommentAction","name":"Comment","target":["https:\/\/www.saporedicina.com\/es\/entrevista-luis-matias\/#respond"]}]},{"@type":"WebPage","@id":"https:\/\/www.saporedicina.com\/es\/entrevista-luis-matias\/","url":"https:\/\/www.saporedicina.com\/es\/entrevista-luis-matias\/","name":"Entrevista al autor de Genghis, Marco y Col\u00f3n\u2026 y otros chicos del mont\u00f3n","isPartOf":{"@id":"https:\/\/www.saporedicina.com\/es\/#website"},"primaryImageOfPage":{"@id":"https:\/\/www.saporedicina.com\/es\/entrevista-luis-matias\/#primaryimage"},"image":{"@id":"https:\/\/www.saporedicina.com\/es\/entrevista-luis-matias\/#primaryimage"},"thumbnailUrl":"https:\/\/www.saporedicina.com\/es\/wp-content\/uploads\/2016\/12\/rutadelasedalibro.jpg","datePublished":"2016-12-27T01:00:36+00:00","dateModified":"2022-03-09T11:06:14+00:00","description":"Entrevista a Lu\u00eds Matias autor de la novela Genghis, Marco y Col\u00f3n\u2026 y otros chicos del mont\u00f3n, una novela inspirada en su viaje por la Ruta de la Seda","breadcrumb":{"@id":"https:\/\/www.saporedicina.com\/es\/entrevista-luis-matias\/#breadcrumb"},"inLanguage":"es","potentialAction":[{"@type":"ReadAction","target":["https:\/\/www.saporedicina.com\/es\/entrevista-luis-matias\/"]}]},{"@type":"ImageObject","inLanguage":"es","@id":"https:\/\/www.saporedicina.com\/es\/entrevista-luis-matias\/#primaryimage","url":"https:\/\/www.saporedicina.com\/es\/wp-content\/uploads\/2016\/12\/rutadelasedalibro.jpg","contentUrl":"https:\/\/www.saporedicina.com\/es\/wp-content\/uploads\/2016\/12\/rutadelasedalibro.jpg","width":700,"height":367},{"@type":"BreadcrumbList","@id":"https:\/\/www.saporedicina.com\/es\/entrevista-luis-matias\/#breadcrumb","itemListElement":[{"@type":"ListItem","position":1,"name":"SDC","item":"https:\/\/www.saporedicina.com\/es\/"},{"@type":"ListItem","position":2,"name":"Entrevista a Luis, autor de la novela inspirada en la Ruta de la Seda: Genghis, Marco y Col\u00f3n\u2026 y otros chicos del mont\u00f3n"}]},{"@type":"WebSite","@id":"https:\/\/www.saporedicina.com\/es\/#website","url":"https:\/\/www.saporedicina.com\/es\/","name":"Sapore di Cina","description":"Aprender Chino, Viajar, Estudiar o Trabajar en China y Asia","publisher":{"@id":"https:\/\/www.saporedicina.com\/es\/#organization"},"alternateName":"SDC","potentialAction":[{"@type":"SearchAction","target":{"@type":"EntryPoint","urlTemplate":"https:\/\/www.saporedicina.com\/es\/?s={search_term_string}"},"query-input":{"@type":"PropertyValueSpecification","valueRequired":true,"valueName":"search_term_string"}}],"inLanguage":"es"},{"@type":"Organization","@id":"https:\/\/www.saporedicina.com\/es\/#organization","name":"Sapore di Cina","url":"https:\/\/www.saporedicina.com\/es\/","logo":{"@type":"ImageObject","inLanguage":"es","@id":"https:\/\/www.saporedicina.com\/es\/#\/schema\/logo\/image\/","url":"https:\/\/www.saporedicina.com\/es\/wp-content\/uploads\/2019\/04\/logo.jpg","contentUrl":"https:\/\/www.saporedicina.com\/es\/wp-content\/uploads\/2019\/04\/logo.jpg","width":800,"height":800,"caption":"Sapore di Cina"},"image":{"@id":"https:\/\/www.saporedicina.com\/es\/#\/schema\/logo\/image\/"},"sameAs":["https:\/\/www.facebook.com\/saporedicinaespanol","https:\/\/x.com\/sbortozhou","https:\/\/www.youtube.com\/channel\/UCl2ssfXqNmOeaY6l470UDlQ\/"]},{"@type":"Person","@id":"https:\/\/www.saporedicina.com\/es\/#\/schema\/person\/45e32f0753ff39fdff0a09c9cc5d8025","name":"Sapore di Cina","image":{"@type":"ImageObject","inLanguage":"es","@id":"https:\/\/secure.gravatar.com\/avatar\/7ca26314d288417a1aec0ab0d68aabfac9f87f67b21e5b472e3ef645cd8f4803?s=96&d=mm&r=g","url":"https:\/\/secure.gravatar.com\/avatar\/7ca26314d288417a1aec0ab0d68aabfac9f87f67b21e5b472e3ef645cd8f4803?s=96&d=mm&r=g","contentUrl":"https:\/\/secure.gravatar.com\/avatar\/7ca26314d288417a1aec0ab0d68aabfac9f87f67b21e5b472e3ef645cd8f4803?s=96&d=mm&r=g","caption":"Sapore di Cina"},"description":"Sapore di Cina es un sitio web que proporciona informaci\u00f3n de primera mano sobre vivir y viajar en China y el sudeste asi\u00e1tico. Puede leer la p\u00e1gina sobre nosotros para obtener m\u00e1s informaci\u00f3n.","sameAs":["https:\/\/www.saporedicina.com\/es\/","https:\/\/www.facebook.com\/SaporeDiCinaEspanol\/","https:\/\/www.linkedin.com\/company\/saporedicina","https:\/\/x.com\/SbortoZhou","https:\/\/www.youtube.com\/channel\/UCl2ssfXqNmOeaY6l470UDlQ"],"url":"https:\/\/www.saporedicina.com\/es\/author\/sborto\/"}]}},"uagb_featured_image_src":{"full":["https:\/\/www.saporedicina.com\/es\/wp-content\/uploads\/2016\/12\/rutadelasedalibro.jpg",700,367,false],"thumbnail":["https:\/\/www.saporedicina.com\/es\/wp-content\/uploads\/2016\/12\/rutadelasedalibro-150x150.jpg",150,150,true],"medium":["https:\/\/www.saporedicina.com\/es\/wp-content\/uploads\/2016\/12\/rutadelasedalibro-300x157.jpg",300,157,true],"medium_large":["https:\/\/www.saporedicina.com\/es\/wp-content\/uploads\/2016\/12\/rutadelasedalibro.jpg",700,367,false],"large":["https:\/\/www.saporedicina.com\/es\/wp-content\/uploads\/2016\/12\/rutadelasedalibro.jpg",700,367,false],"1536x1536":["https:\/\/www.saporedicina.com\/es\/wp-content\/uploads\/2016\/12\/rutadelasedalibro.jpg",700,367,false],"2048x2048":["https:\/\/www.saporedicina.com\/es\/wp-content\/uploads\/2016\/12\/rutadelasedalibro.jpg",700,367,false]},"uagb_author_info":{"display_name":"Sapore di Cina","author_link":"https:\/\/www.saporedicina.com\/es\/author\/sborto\/"},"uagb_comment_info":3,"uagb_excerpt":"Hoy entrevistamos a Luis Mat\u00edas, natural de Cuenca e investigador polifac\u00e9tico. Actualmente trabaja en Barcelona como investigador para la empresa biotecnol\u00f3gica Sequentia Biotech. Sin embargo, la entrevista de hoy est\u00e1 centrada en su otra faceta como fot\u00f3grafo, viajero y tambi\u00e9n\u2026 escritor. Recientemente, ha publicado una novela llamada Genghis, Marco y Col\u00f3n\u2026 y otros chicos del&hellip;","_links":{"self":[{"href":"https:\/\/www.saporedicina.com\/es\/wp-json\/wp\/v2\/posts\/11013","targetHints":{"allow":["GET"]}}],"collection":[{"href":"https:\/\/www.saporedicina.com\/es\/wp-json\/wp\/v2\/posts"}],"about":[{"href":"https:\/\/www.saporedicina.com\/es\/wp-json\/wp\/v2\/types\/post"}],"author":[{"embeddable":true,"href":"https:\/\/www.saporedicina.com\/es\/wp-json\/wp\/v2\/users\/2"}],"replies":[{"embeddable":true,"href":"https:\/\/www.saporedicina.com\/es\/wp-json\/wp\/v2\/comments?post=11013"}],"version-history":[{"count":1,"href":"https:\/\/www.saporedicina.com\/es\/wp-json\/wp\/v2\/posts\/11013\/revisions"}],"predecessor-version":[{"id":24851,"href":"https:\/\/www.saporedicina.com\/es\/wp-json\/wp\/v2\/posts\/11013\/revisions\/24851"}],"wp:featuredmedia":[{"embeddable":true,"href":"https:\/\/www.saporedicina.com\/es\/wp-json\/wp\/v2\/media\/11015"}],"wp:attachment":[{"href":"https:\/\/www.saporedicina.com\/es\/wp-json\/wp\/v2\/media?parent=11013"}],"wp:term":[{"taxonomy":"category","embeddable":true,"href":"https:\/\/www.saporedicina.com\/es\/wp-json\/wp\/v2\/categories?post=11013"},{"taxonomy":"post_tag","embeddable":true,"href":"https:\/\/www.saporedicina.com\/es\/wp-json\/wp\/v2\/tags?post=11013"}],"curies":[{"name":"wp","href":"https:\/\/api.w.org\/{rel}","templated":true}]}}